{"id":11349,"date":"2026-03-06T14:02:25","date_gmt":"2026-03-06T13:02:25","guid":{"rendered":"https:\/\/www.przedszkole435.waw.pl\/bolkowska\/?p=11349"},"modified":"2026-03-06T14:02:26","modified_gmt":"2026-03-06T13:02:26","slug":"zaproszenie-na-dzielnicowa-konferencje-pt-mozliwosci-zaczynaja-sie-od-zrozumienia-organizowana-w-dniu-21-marca-2026-w-godz-1000-1630-w-klubie-bemowskiego-seniora-przy-ul-powstancow-sla","status":"publish","type":"post","link":"https:\/\/www.przedszkole435.waw.pl\/bolkowska\/zaproszenie-na-dzielnicowa-konferencje-pt-mozliwosci-zaczynaja-sie-od-zrozumienia-organizowana-w-dniu-21-marca-2026-w-godz-1000-1630-w-klubie-bemowskiego-seniora-przy-ul-powstancow-sla\/","title":{"rendered":"Zaproszenie na Dzielnicow\u0105 konferencj\u0119 pt. MO\u017bLIWO\u015aCI zaczynaj\u0105 si\u0119 od zrozumienia! organizowan\u0105 w dniu 21 marca 2026 w godz. 10:00 \u2013 16:30 w Klubie Bemowskiego Seniora przy ul. Powsta\u0144c\u00f3w \u015al\u0105skich 44, w\u00a0 ramach Warszawskich Dni Os\u00f3b z\u00a0 Zespo\u0142em Downa."},"content":{"rendered":"\n<div data-wp-interactive=\"core\/file\" class=\"wp-block-file\"><object data-wp-bind--hidden=\"!state.hasPdfPreview\" hidden class=\"wp-block-file__embed\" data=\"https:\/\/www.przedszkole435.waw.pl\/bolkowska\/wp-content\/uploads\/sites\/3\/plakat_2026.pdf\" type=\"application\/pdf\" style=\"width:100%;height:600px\" aria-label=\"Osadzone z plakat_2026.\"><\/object><a id=\"wp-block-file--media-8fd7f6d3-0655-4b31-ad07-a974b72108cb\" href=\"https:\/\/www.przedszkole435.waw.pl\/bolkowska\/wp-content\/uploads\/sites\/3\/plakat_2026.pdf\">plakat_2026<\/a><a href=\"https:\/\/www.przedszkole435.waw.pl\/bolkowska\/wp-content\/uploads\/sites\/3\/plakat_2026.pdf\" class=\"wp-block-file__button wp-element-button\" download aria-describedby=\"wp-block-file--media-8fd7f6d3-0655-4b31-ad07-a974b72108cb\">Pobierz<\/a><\/div>\n","protected":false},"excerpt":{"rendered":"","protected":false},"author":4,"featured_media":0,"comment_status":"open","ping_status":"open","sticky":false,"template":"","format":"standard","meta":{"footnotes":"","_links_to":"","_links_to_target":""},"categories":[2],"tags":[],"class_list":["post-11349","post","type-post","status-publish","format-standard","hentry","category-aktualnosci"],"_links":{"self":[{"href":"https:\/\/www.przedszkole435.waw.pl\/bolkowska\/wp-json\/wp\/v2\/posts\/11349","targetHints":{"allow":["GET"]}}],"collection":[{"href":"https:\/\/www.przedszkole435.waw.pl\/bolkowska\/wp-json\/wp\/v2\/posts"}],"about":[{"href":"https:\/\/www.przedszkole435.waw.pl\/bolkowska\/wp-json\/wp\/v2\/types\/post"}],"author":[{"embeddable":true,"href":"https:\/\/www.przedszkole435.waw.pl\/bolkowska\/wp-json\/wp\/v2\/users\/4"}],"replies":[{"embeddable":true,"href":"https:\/\/www.przedszkole435.waw.pl\/bolkowska\/wp-json\/wp\/v2\/comments?post=11349"}],"version-history":[{"count":1,"href":"https:\/\/www.przedszkole435.waw.pl\/bolkowska\/wp-json\/wp\/v2\/posts\/11349\/revisions"}],"predecessor-version":[{"id":11352,"href":"https:\/\/www.przedszkole435.waw.pl\/bolkowska\/wp-json\/wp\/v2\/posts\/11349\/revisions\/11352"}],"wp:attachment":[{"href":"https:\/\/www.przedszkole435.waw.pl\/bolkowska\/wp-json\/wp\/v2\/media?parent=11349"}],"wp:term":[{"taxonomy":"category","embeddable":true,"href":"https:\/\/www.przedszkole435.waw.pl\/bolkowska\/wp-json\/wp\/v2\/categories?post=11349"},{"taxonomy":"post_tag","embeddable":true,"href":"https:\/\/www.przedszkole435.waw.pl\/bolkowska\/wp-json\/wp\/v2\/tags?post=11349"}],"curies":[{"name":"wp","href":"https:\/\/api.w.org\/{rel}","templated":true}]}}