{"id":6436,"date":"2022-03-23T18:40:30","date_gmt":"2022-03-23T17:40:30","guid":{"rendered":"http:\/\/www.przedszkole435.waw.pl\/bolkowska\/?p=6436"},"modified":"2022-03-23T18:40:57","modified_gmt":"2022-03-23T17:40:57","slug":"list-ministra-zdrowia-dotyczacy-bezplatnej-profilaktycznej-opieki-zdrowotnej-dzieci-i-mlodziezy-w-tym-okresowych-testow-przesiewowych-i-kompleksowych-bilansow-zdrowia","status":"publish","type":"post","link":"https:\/\/www.przedszkole435.waw.pl\/bolkowska\/list-ministra-zdrowia-dotyczacy-bezplatnej-profilaktycznej-opieki-zdrowotnej-dzieci-i-mlodziezy-w-tym-okresowych-testow-przesiewowych-i-kompleksowych-bilansow-zdrowia\/","title":{"rendered":"List Ministra Zdrowia dotycz\u0105cy bezp\u0142atnej profilaktycznej opieki zdrowotnej dzieci i m\u0142odzie\u017cy."},"content":{"rendered":"<p><a href=\"http:\/\/www.przedszkole435.waw.pl\/bolkowska\/wp-content\/uploads\/sites\/3\/list-Ministra-Zdrowia-do-rodzic\u00f3w-i-opiekun\u00f3w-bilanse.pdf\">list Ministra Zdrowia do rodzic\u00f3w i opiekun\u00f3w- bilanse<\/a><\/p>\n","protected":false},"excerpt":{"rendered":"<p>list Ministra Zdrowia do rodzic\u00f3w i opiekun\u00f3w- bilanse<\/p>\n","protected":false},"author":2,"featured_media":0,"comment_status":"open","ping_status":"open","sticky":false,"template":"","format":"standard","meta":{"footnotes":"","_links_to":"","_links_to_target":""},"categories":[2],"tags":[],"class_list":["post-6436","post","type-post","status-publish","format-standard","hentry","category-aktualnosci"],"_links":{"self":[{"href":"https:\/\/www.przedszkole435.waw.pl\/bolkowska\/wp-json\/wp\/v2\/posts\/6436","targetHints":{"allow":["GET"]}}],"collection":[{"href":"https:\/\/www.przedszkole435.waw.pl\/bolkowska\/wp-json\/wp\/v2\/posts"}],"about":[{"href":"https:\/\/www.przedszkole435.waw.pl\/bolkowska\/wp-json\/wp\/v2\/types\/post"}],"author":[{"embeddable":true,"href":"https:\/\/www.przedszkole435.waw.pl\/bolkowska\/wp-json\/wp\/v2\/users\/2"}],"replies":[{"embeddable":true,"href":"https:\/\/www.przedszkole435.waw.pl\/bolkowska\/wp-json\/wp\/v2\/comments?post=6436"}],"version-history":[{"count":2,"href":"https:\/\/www.przedszkole435.waw.pl\/bolkowska\/wp-json\/wp\/v2\/posts\/6436\/revisions"}],"predecessor-version":[{"id":6439,"href":"https:\/\/www.przedszkole435.waw.pl\/bolkowska\/wp-json\/wp\/v2\/posts\/6436\/revisions\/6439"}],"wp:attachment":[{"href":"https:\/\/www.przedszkole435.waw.pl\/bolkowska\/wp-json\/wp\/v2\/media?parent=6436"}],"wp:term":[{"taxonomy":"category","embeddable":true,"href":"https:\/\/www.przedszkole435.waw.pl\/bolkowska\/wp-json\/wp\/v2\/categories?post=6436"},{"taxonomy":"post_tag","embeddable":true,"href":"https:\/\/www.przedszkole435.waw.pl\/bolkowska\/wp-json\/wp\/v2\/tags?post=6436"}],"curies":[{"name":"wp","href":"https:\/\/api.w.org\/{rel}","templated":true}]}}