{"id":23325,"date":"2022-10-11T19:42:13","date_gmt":"2022-10-11T17:42:13","guid":{"rendered":"http:\/\/www.przedszkole435.waw.pl\/pelczynskiego\/?p=23325"},"modified":"2022-10-11T19:42:13","modified_gmt":"2022-10-11T17:42:13","slug":"psychologiczne-centrum-wsparcia-wznowienie-dzialania","status":"publish","type":"post","link":"https:\/\/www.przedszkole435.waw.pl\/pelczynskiego\/psychologiczne-centrum-wsparcia-wznowienie-dzialania\/","title":{"rendered":"Psychologiczne Centrum Wsparcia &#8211; wznowienie dzia\u0142ania"},"content":{"rendered":"<p>Szanowni Pa\u0144stwo,<\/p>\n<p>Na pro\u015bb\u0119 BE uprzejmie informuj\u0119, \u017ce od 3 pa\u017adziernika wznowiono dzia\u0142anie <strong>Psychologicznego Centrum Wsparcia <\/strong>dla\u00a0uczni\u00f3w, rodzic\u00f3w i nauczycieli, kt\u00f3rego zadaniem jest dora\u017ana konsultacja i pomoc psychologiczna. Przy telefonach dy\u017curuj\u0105 psycholodzy, psychoterapeuci i pedagodzy z czterech specjalistycznych\u00a0 poradni psychologiczno-pedagogicznych.:<\/p>\n<ul>\n<li>w poniedzia\u0142ki w godz. 10.00-14.00 pod numerem 519 047 372 dy\u017curuj\u0105 specjali\u015bci z Poradni Specjalistycznej M\u0142odzie\u017cowy O\u015brodek Profilaktyki i Psychoterapii \u201eMOP&#8221;,<\/li>\n<li>w \u015brody w godz. 10.00-14.00 pod numerem 510 205 050 dy\u017curuj\u0105 specjali\u015bci ze Specjalistycznej Poradni Psychologiczno-Pedagogicznej \u201eUniwersytet dla Rodzic\u00f3w&#8221;,<\/li>\n<li>w pi\u0105tki w godz. 10.00-14.00 pod numerem 519 047 370 dy\u017curuj\u0105 specjali\u015bci ze Specjalistycznej Poradni Profilaktyczno-Terapeutycznej dla Dzieci i M\u0142odzie\u017cy ze \u015arodowisk Zagro\u017conych Alkoholizmem \u201eOPTA&#8221;<\/li>\n<\/ul>\n<p>Od poniedzia\u0142ku do pi\u0105tku w godz. 15.00-19.00 pod numerem 667 147 738 \u00a0dy\u017curuj\u0105 specjali\u015bci ze Specjalistycznej Poradni Psychologiczno-Pedagogicznej \u201eTOP&#8221;. Mo\u017cliwy jest r\u00f3wnie\u017c kontakt mailowy:\u00a0<a href=\"mailto:mtz@mtz.waw.pl\">mtz@mtz.waw.pl<\/a><\/p>\n<p>Zach\u0119camy do korzystania!<\/p>\n<p><a href=\"https:\/\/edukacja.um.warszawa.pl\/-\/psychologiczne-centrum-wsparcia\" data-saferedirecturl=\"https:\/\/zasobygwp.pl\/redirect?sig=9f98f5e371af81fb193e68050bc0a805baca61694a011ec613febe1361d43dc1&amp;url=aHR0cHM6Ly9lZHVrYWNqYS51bS53YXJzemF3YS5wbC8tL3BzeWNob2xvZ2ljem5lLWNlbnRydW0td3NwYXJjaWE=&amp;platform=desktop&amp;brand=o2\">https:\/\/edukacja.um.warszawa.pl\/-\/psychologiczne-centrum-wsparcia<\/a><\/p>\n","protected":false},"excerpt":{"rendered":"<p>Szanowni Pa\u0144stwo, Na pro\u015bb\u0119 BE uprzejmie informuj\u0119, \u017ce od 3 pa\u017adziernika wznowiono dzia\u0142anie Psychologicznego Centrum Wsparcia dla\u00a0uczni\u00f3w, rodzic\u00f3w i nauczycieli, kt\u00f3rego zadaniem jest dora\u017ana konsultacja i pomoc psychologiczna. Przy telefonach dy\u017curuj\u0105 psycholodzy, psychoterapeuci i pedagodzy z czterech specjalistycznych\u00a0 poradni psychologiczno-pedagogicznych.: w poniedzia\u0142ki w godz. 10.00-14.00 pod numerem 519 047 372 dy\u017curuj\u0105 specjali\u015bci z Poradni Specjalistycznej [&hellip;]<\/p>\n","protected":false},"author":2,"featured_media":0,"comment_status":"open","ping_status":"open","sticky":false,"template":"","format":"standard","meta":{"footnotes":"","_links_to":"","_links_to_target":""},"categories":[2],"tags":[],"class_list":["post-23325","post","type-post","status-publish","format-standard","hentry","category-aktualnosci"],"_links":{"self":[{"href":"https:\/\/www.przedszkole435.waw.pl\/pelczynskiego\/wp-json\/wp\/v2\/posts\/23325","targetHints":{"allow":["GET"]}}],"collection":[{"href":"https:\/\/www.przedszkole435.waw.pl\/pelczynskiego\/wp-json\/wp\/v2\/posts"}],"about":[{"href":"https:\/\/www.przedszkole435.waw.pl\/pelczynskiego\/wp-json\/wp\/v2\/types\/post"}],"author":[{"embeddable":true,"href":"https:\/\/www.przedszkole435.waw.pl\/pelczynskiego\/wp-json\/wp\/v2\/users\/2"}],"replies":[{"embeddable":true,"href":"https:\/\/www.przedszkole435.waw.pl\/pelczynskiego\/wp-json\/wp\/v2\/comments?post=23325"}],"version-history":[{"count":1,"href":"https:\/\/www.przedszkole435.waw.pl\/pelczynskiego\/wp-json\/wp\/v2\/posts\/23325\/revisions"}],"predecessor-version":[{"id":23326,"href":"https:\/\/www.przedszkole435.waw.pl\/pelczynskiego\/wp-json\/wp\/v2\/posts\/23325\/revisions\/23326"}],"wp:attachment":[{"href":"https:\/\/www.przedszkole435.waw.pl\/pelczynskiego\/wp-json\/wp\/v2\/media?parent=23325"}],"wp:term":[{"taxonomy":"category","embeddable":true,"href":"https:\/\/www.przedszkole435.waw.pl\/pelczynskiego\/wp-json\/wp\/v2\/categories?post=23325"},{"taxonomy":"post_tag","embeddable":true,"href":"https:\/\/www.przedszkole435.waw.pl\/pelczynskiego\/wp-json\/wp\/v2\/tags?post=23325"}],"curies":[{"name":"wp","href":"https:\/\/api.w.org\/{rel}","templated":true}]}}