{"id":24958,"date":"2023-03-03T00:29:04","date_gmt":"2023-03-02T23:29:04","guid":{"rendered":"https:\/\/www.przedszkole435.waw.pl\/pelczynskiego\/?p=24958"},"modified":"2023-03-03T02:29:34","modified_gmt":"2023-03-03T01:29:34","slug":"stop-niekapkom","status":"publish","type":"post","link":"https:\/\/www.przedszkole435.waw.pl\/pelczynskiego\/stop-niekapkom\/","title":{"rendered":"Stop Niekapkom"},"content":{"rendered":"<h2>\u201eStop kubkom niekapkom\u201d<\/h2>\n<p>P\u00f3\u0142ki sklepowe uginaj\u0105 si\u0119 od oferowanych towar\u00f3w, a firmy powo\u0142uj\u0105c si\u0119 na has\u0142a typu \u201edzieci\u0119ce standardy\u201d, wyra\u017anie podkre\u015blaj\u0105, \u017ce atutem ich produktu jest to, \u017ce butelka posiada korek niekapek. Rodzice cz\u0119sto wybieraj\u0105 kubki niekapki, poniewa\u017c s\u0105 wygodne i funkcjonalne, a dziecko pij\u0105c z nich z pewno\u015bci\u0105 si\u0119 nie obleje i nie pobrudzi ubranka. Niew\u0105tpliwie s\u0105 to plusy, ale wp\u0142ywaj\u0105ce jedynie na wygod\u0119 rodzic\u00f3w. Picie z niekapka nie uczy dziecka nowych umiej\u0119tno\u015bci ani samodzielno\u015bci, natomiast wp\u0142ywa negatywnie na rozw\u00f3j jego narz\u0105d\u00f3w mowy.<\/p>\n<p>Bardzo cz\u0119sto dzieci dostaj\u0105 kubek niekapek lub butelk\u0119 z dzi\u00f3bkiem, jako element swojej wyprawki do \u017c\u0142obka lub przedszkola. Wa\u017cne jest to, by nasze wybory by\u0142y \u015bwiadome.<\/p>\n<p>Jako logopeda widz\u0119 du\u017c\u0105 zale\u017cno\u015b\u0107 pomi\u0119dzy tym jakie pokarmy przyjmuje dziecko i z czego pije a jego rozwojem mowy. Zar\u00f3wno d\u0142ugie podawanie papek, jak i d\u0142ugie karmienie z butelki czy podawanie dziecku p\u0142yn\u00f3w z kubka niekapka lub butelki z dzi\u00f3bkiem mo\u017ce wp\u0142ywa\u0107 na zaburzenia mowy. G\u0142\u00f3wnym sposobem picia powinien by\u0107 kubek otwarty, poniewa\u017c wtedy dziecko uczy si\u0119 nowych umiej\u0119tno\u015bci.<\/p>\n<p><strong>Kilka s\u0142\u00f3w na temat po\u0142ykania<\/strong><\/p>\n<p>Wyr\u00f3\u017cnia si\u0119 dwa typy po\u0142ykania:<\/p>\n<ul>\n<li><strong>niemowl\u0119ce (infantylne, wczesnodzieci\u0119ce, trzewne)<\/strong>\u2013 p\u0142askie u\u0142o\u017cenie przedniej masy j\u0119zyka na dnie jamy ustnej<\/li>\n<li><strong>dojrza\u0142e (somatyczne)<\/strong>\u2013 pionizacja szerokiego j\u0119zyka w okolicy g\u00f3rnych z\u0119b\u00f3w siecznych i dzi\u0105se\u0142, wargi domkni\u0119te s\u0105 bez zb\u0119dnego wysi\u0142ku, brak aktywno\u015bci mi\u0119\u015bnia br\u00f3dkowego<\/li>\n<\/ul>\n<p>&nbsp;<\/p>\n<h4><strong>Kubek niekapek<\/strong><\/h4>\n<p>Producenci niekapk\u00f3w bardzo cz\u0119sto nazywaj\u0105 je kubkami treningowymi, a to nieprawda! Niekapek nie uczy dziecka nowych umiej\u0119tno\u015bci, a wi\u0119c nie jest kubkiem treningowym. Najlepiej wcale nie podawa\u0107 dziecku picia z niekapka.<\/p>\n<p>Dziecko pij\u0105c z kubka niekapka wk\u0142ada twardy ustnik mi\u0119dzy z\u0119by lub mi\u0119dzy dzi\u0105s\u0142a, a to mo\u017ce prowadzi\u0107 do wad zgryzu, przewa\u017cnie do zgryzu otwartego, co w konsekwencji mo\u017ce skutkowa\u0107 mi\u0119dzyz\u0119bow\u0105 artykulacj\u0105 g\u0142osek. Podczas picia z niekapka j\u0119zyk le\u017cy na dnie jamy ustnej i nie pracuje, co wp\u0142ywa negatywnie na p\u00f3\u017aniejsz\u0105 artykulacj\u0119. Kubki niekapki ograniczaj\u0105 dziecku rozwini\u0119cie umiej\u0119tno\u015bci dojrza\u0142ego typu po\u0142ykania, podczas kt\u00f3rego \u0142uki z\u0119bowe s\u0105 zwarte, a koniec j\u0119zyka opiera si\u0119 na przedniej cz\u0119\u015bci podniebienia \u0142uk\u00f3w z\u0119bowych.<\/p>\n<p>&nbsp;<\/p>\n<p><strong>Dziecko pij\u0105c z kubka niekapka<\/strong>:<\/p>\n<ul>\n<li>utrwala ssanie<\/li>\n<li>utrwala niemowl\u0119cy (infantylny) spos\u00f3b po\u0142ykania, nie nabywa nowych umiej\u0119tno\u015bci, nie uczy si\u0119 po\u0142yka\u0107 w spos\u00f3b dojrza\u0142y<\/li>\n<li>nie trenuje mi\u0119\u015bni warg, j\u0119zyka, policzk\u00f3w<\/li>\n<\/ul>\n<p>&nbsp;<\/p>\n<p><strong>Korzystanie z kubka niekapka mo\u017ce prowadzi\u0107 do:<\/strong><\/p>\n<ul>\n<li>powstawania zgryzu otwartego, a w konsekwencji do mi\u0119dzyz\u0119bowo\u015bci<\/li>\n<li>utrwalenia nieprawid\u0142owego nawyku oddychania przez usta<\/li>\n<\/ul>\n<p>* Infantylne po\u0142ykanie to spos\u00f3b po\u0142ykania \u015bliny z j\u0119zykiem po\u0142o\u017conym p\u0142asko na dnie jamy ustnej. Infantylne po\u0142ykanie powinno przekszta\u0142ci\u0107 si\u0119 w po\u0142ykanie dojrza\u0142e w wieku 3-4 lat, czyli po wyro\u015bni\u0119ciu wszystkich z\u0119b\u00f3w mlecznych.<\/p>\n<p>*Kubki 360 co prawda nie s\u0105 kubkami z twardym ustnikiem i pije si\u0119 z nich jak z kubka otwartego, ale promuj\u0105 ssanie, poniewa\u017c dziecko, aby napi\u0107 si\u0119 z niego p\u0142ynu musi go zasysa\u0107.<\/p>\n<p><strong>Butelka z dzi\u00f3bkiem<\/strong><\/p>\n<p>Pami\u0119tajmy, \u017ce butelki z dzi\u00f3bkiem,\u00a0podobnie jak kubki niekapki, r\u00f3wnie\u017c s\u0105 szkodliwe dla dzieci, kt\u00f3re nabywaj\u0105 jeszcze mow\u0119, czyli dla dzieci poni\u017cej 7. roku \u017cycia.\u00a0Nie pracuj\u0105 bowiem mi\u0119\u015bnie warg, j\u0119zyka i policzk\u00f3w, co przyczynia si\u0119 do obni\u017conej sprawno\u015bci tych narz\u0105d\u00f3w artykulacyjnych. Ponadto, butelka z dzi\u00f3bkiem mo\u017ce r\u00f3wnie\u017c przyczynia\u0107 si\u0119 do wad zgryzu i\u00a0<a href=\"https:\/\/panilogopedyczna.pl\/2021\/04\/plaga-miedzyzebowosci-oddychanie-ustami-smoczek-niekapek-ssanie-kciuka-krotkie-wedzidelko-oto-najczestsze-przyczyny\/\">mi\u0119dzyz\u0119bowej realizacji g\u0142osek<\/a>.<\/p>\n<p>*Dzieci z wyzwaniami rozwojowymi wymagaj\u0105 indywidualnych rozwi\u0105za\u0144, dostosowanych do ich mo\u017cliwo\u015bci i ogranicze\u0144.<\/p>\n<p><strong>Z czego powinno pi\u0107 dziecko?<\/strong><\/p>\n<p>G\u0142\u00f3wnym sposobem picia powinien by\u0107 kubek otwarty, poniewa\u017c wtedy dziecko \u0107wiczy narz\u0105dy mowy i zdobywa nowe umiej\u0119tno\u015bci.<\/p>\n<p>Pierwsz\u0105 pr\u00f3b\u0119 picia z kubka otwartego mo\u017cna rozpocz\u0105\u0107 ju\u017c po 6. miesi\u0105cu \u017cycia dziecka, natomiast doskonalenie tej umiej\u0119tno\u015bci nast\u0119puje, gdy dziecko stabilnie i samodzielnie siedzi.<\/p>\n<p><strong><u>Podczas picia z kubka otwartego:<\/u><\/strong><\/p>\n<ul>\n<li>uczy si\u0119 dojrza\u0142ego typu po\u0142ykania<\/li>\n<li>\u0107wiczy mi\u0119\u015bnie warg i policzk\u00f3w<\/li>\n<li>uczy si\u0119 pi\u0107 w spos\u00f3b p\u0142ynny<\/li>\n<li>uczy si\u0119 koordynacji oddechowej<\/li>\n<\/ul>\n<p>Je\u015bli dziecko ma trudno\u015bci z piciem z kubeczka, to warto rozpocz\u0105\u0107 nauk\u0119 tej umiej\u0119tno\u015bci od kubk\u00f3w treningowych polecanych przez logoped\u00f3w.<\/p>\n<p><strong>Co zabra\u0107 na spacer?<\/strong><\/p>\n<p>Podczas spacer\u00f3w czy podr\u00f3\u017cy dobrym rozwi\u0105zaniem s\u0105 bidony z rurk\u0105 z tym, \u017ce nale\u017cy mie\u0107 na uwadze to, by s\u0142omka nie by\u0142a wsuwana mi\u0119dzy z\u0119by czy dzi\u0105s\u0142a tylko, aby zosta\u0142a w przedsionku jamy ustnej.<\/p>\n<p><strong>Pami\u0119taj!<\/strong><\/p>\n<p>Niemowl\u0119\u00a0<strong>nie ma innej mo\u017cliwo\u015bci<\/strong>\u00a0ni\u017c \u0107wiczenie sprawno\u015bci warg, j\u0119zyka, podniebienia koordynacji oddechowej\u00a0<strong>podczas wykonywania czynno\u015bci biologicznych.<\/strong>\u00a0Dlatego im lepszy trening czynno\u015bci prymarnych tym lepsze przygotowanie do artykulacji.\u00a0Wa\u017cne jest to, aby nasze wybory by\u0142y \u015bwiadome!\u00a0Uwa\u017cajmy na to, co pisz\u0105 producenci, poniewa\u017c na swoich produktach cz\u0119sto zamieszczaj\u0105 informacj\u0119, \u017ce ich kubek jest kubkiem treningowym, a tak naprawd\u0119 jest to zwyk\u0142y kubek niekapek.<\/p>\n<style type=\"text\/css\">\n#foogallery-gallery-24952 .fg-image { width: 270px; }\n#foogallery-gallery-24952 { --fg-gutter: 10px; }<\/style>\n\t\t\t<div class=\"foogallery foogallery-container foogallery-default foogallery-lightbox-foogallery fg-center fg-default fg-ready fg-light fg-border-thin fg-shadow-medium fg-loading-default fg-loaded-fade-in fg-preset fg-brad fg-preset-small fg-preset fg-brad fg-preset-small\" id=\"foogallery-gallery-24952\" data-foogallery=\"{&quot;panel&quot;:{&quot;buttons&quot;:{&quot;download&quot;:false}},&quot;item&quot;:{&quot;showCaptionTitle&quot;:true,&quot;showCaptionDescription&quot;:true},&quot;lazy&quot;:true}\" data-foogallery-lightbox=\"{&quot;thumbs&quot;:&quot;bottom&quot;,&quot;thumbsCaptions&quot;:false,&quot;thumbsBestFit&quot;:false,&quot;thumbsSmall&quot;:false,&quot;thumbsCaptionsAlign&quot;:&quot;default&quot;,&quot;info&quot;:&quot;bottom&quot;,&quot;infoVisible&quot;:true,&quot;infoOverlay&quot;:true,&quot;infoAlign&quot;:&quot;default&quot;,&quot;transition&quot;:&quot;fade&quot;,&quot;hoverButtons&quot;:false,&quot;fitMedia&quot;:false,&quot;noScrollbars&quot;:true,&quot;preserveButtonSpace&quot;:true,&quot;buttons&quot;:{&quot;fullscreen&quot;:true,&quot;info&quot;:true,&quot;thumbs&quot;:false,&quot;download&quot;:false},&quot;video&quot;:{&quot;autoPlay&quot;:true}}\" style=\"--fg-title-line-clamp: 1; --fg-description-line-clamp: 2;\" >\n\t<div class=\"fg-item fg-type-image fg-idle\"><figure class=\"fg-item-inner\"><a href=\"https:\/\/www.przedszkole435.waw.pl\/pelczynskiego\/wp-content\/uploads\/sites\/2\/1-3.jpg\" data-attachment-id=\"24953\" data-type=\"image\" class=\"fg-thumb\"><span class=\"fg-image-wrap\"><img fetchpriority=\"high\" decoding=\"async\" width=\"270\" height=\"230\" class=\"skip-lazy fg-image\" data-src-fg=\"https:\/\/www.przedszkole435.waw.pl\/pelczynskiego\/wp-content\/uploads\/sites\/2\/cache\/1-3\/804903854.jpg\" src=\"data:image\/svg+xml,%3Csvg%20xmlns%3D%22http%3A%2F%2Fwww.w3.org%2F2000%2Fsvg%22%20width%3D%22270%22%20height%3D%22230%22%20viewBox%3D%220%200%20270%20230%22%3E%3C%2Fsvg%3E\" loading=\"eager\"><\/span><span class=\"fg-image-overlay\"><\/span><\/a><\/figure><div class=\"fg-loader\"><\/div><\/div><div class=\"fg-item fg-type-image fg-idle\"><figure class=\"fg-item-inner\"><a href=\"https:\/\/www.przedszkole435.waw.pl\/pelczynskiego\/wp-content\/uploads\/sites\/2\/2.png\" data-attachment-id=\"24954\" data-type=\"image\" class=\"fg-thumb\"><span class=\"fg-image-wrap\"><img decoding=\"async\" width=\"270\" height=\"230\" class=\"skip-lazy fg-image\" data-src-fg=\"https:\/\/www.przedszkole435.waw.pl\/pelczynskiego\/wp-content\/uploads\/sites\/2\/cache\/2\/4096249262.png\" src=\"data:image\/svg+xml,%3Csvg%20xmlns%3D%22http%3A%2F%2Fwww.w3.org%2F2000%2Fsvg%22%20width%3D%22270%22%20height%3D%22230%22%20viewBox%3D%220%200%20270%20230%22%3E%3C%2Fsvg%3E\" loading=\"eager\"><\/span><span class=\"fg-image-overlay\"><\/span><\/a><\/figure><div class=\"fg-loader\"><\/div><\/div><\/div>\n\n<p>\u0179r\u00f3d\u0142o: panilogopedyczna.pl<\/p>\n<p>&nbsp;<\/p>\n<p>&nbsp;<\/p>\n<p>&nbsp;<\/p>\n","protected":false},"excerpt":{"rendered":"<p>\u201eStop kubkom niekapkom\u201d P\u00f3\u0142ki sklepowe uginaj\u0105 si\u0119 od oferowanych towar\u00f3w, a firmy powo\u0142uj\u0105c si\u0119 na has\u0142a typu \u201edzieci\u0119ce standardy\u201d, wyra\u017anie podkre\u015blaj\u0105, \u017ce atutem ich produktu jest to, \u017ce butelka posiada korek niekapek. Rodzice cz\u0119sto wybieraj\u0105 kubki niekapki, poniewa\u017c s\u0105 wygodne i funkcjonalne, a dziecko pij\u0105c z nich z pewno\u015bci\u0105 si\u0119 nie obleje i nie pobrudzi [&hellip;]<\/p>\n","protected":false},"author":1,"featured_media":0,"comment_status":"open","ping_status":"open","sticky":false,"template":"","format":"standard","meta":{"footnotes":"","_links_to":"","_links_to_target":""},"categories":[3],"tags":[],"class_list":["post-24958","post","type-post","status-publish","format-standard","hentry","category-artykuly-logopedyczne"],"_links":{"self":[{"href":"https:\/\/www.przedszkole435.waw.pl\/pelczynskiego\/wp-json\/wp\/v2\/posts\/24958","targetHints":{"allow":["GET"]}}],"collection":[{"href":"https:\/\/www.przedszkole435.waw.pl\/pelczynskiego\/wp-json\/wp\/v2\/posts"}],"about":[{"href":"https:\/\/www.przedszkole435.waw.pl\/pelczynskiego\/wp-json\/wp\/v2\/types\/post"}],"author":[{"embeddable":true,"href":"https:\/\/www.przedszkole435.waw.pl\/pelczynskiego\/wp-json\/wp\/v2\/users\/1"}],"replies":[{"embeddable":true,"href":"https:\/\/www.przedszkole435.waw.pl\/pelczynskiego\/wp-json\/wp\/v2\/comments?post=24958"}],"version-history":[{"count":1,"href":"https:\/\/www.przedszkole435.waw.pl\/pelczynskiego\/wp-json\/wp\/v2\/posts\/24958\/revisions"}],"predecessor-version":[{"id":24959,"href":"https:\/\/www.przedszkole435.waw.pl\/pelczynskiego\/wp-json\/wp\/v2\/posts\/24958\/revisions\/24959"}],"wp:attachment":[{"href":"https:\/\/www.przedszkole435.waw.pl\/pelczynskiego\/wp-json\/wp\/v2\/media?parent=24958"}],"wp:term":[{"taxonomy":"category","embeddable":true,"href":"https:\/\/www.przedszkole435.waw.pl\/pelczynskiego\/wp-json\/wp\/v2\/categories?post=24958"},{"taxonomy":"post_tag","embeddable":true,"href":"https:\/\/www.przedszkole435.waw.pl\/pelczynskiego\/wp-json\/wp\/v2\/tags?post=24958"}],"curies":[{"name":"wp","href":"https:\/\/api.w.org\/{rel}","templated":true}]}}