{"id":29996,"date":"2024-10-09T21:50:24","date_gmt":"2024-10-09T19:50:24","guid":{"rendered":"https:\/\/www.przedszkole435.waw.pl\/pelczynskiego\/?p=29996"},"modified":"2024-10-09T22:00:28","modified_gmt":"2024-10-09T20:00:28","slug":"akcja-profilaktyki-grypy","status":"publish","type":"post","link":"https:\/\/www.przedszkole435.waw.pl\/pelczynskiego\/akcja-profilaktyki-grypy\/","title":{"rendered":"Akcja profilaktyki grypy"},"content":{"rendered":"<p><strong>Aktualne zasady refundacji szczepie\u0144 przeciw grypie w sezonie 2024\/2025:<\/strong><\/p>\n<p>Szczepienia bezp\u0142atne:<\/p>\n<ul>\n<li><u>Dzieci od 6 m.\u017c. do 18 r.\u017c<\/u><\/li>\n<li>Kobiety w ci\u0105\u017cy<\/li>\n<li>Osoby 65+<\/li>\n<\/ul>\n<p>Wszyscy pozostali mog\u0105 skorzysta\u0107 z 50% refundacji.<\/p>\n<p><strong>Wed\u0142ug WHO rocznie na \u015bwiecie na gryp\u0119 choruje nawet do 30% dzieci. Odgrywaj\u0105 one znacz\u0105c\u0105 rol\u0119 w transmisji wirusa grypy, ponadto s\u0105 szczeg\u00f3lnie nara\u017cane na ci\u0119\u017cki przebieg<\/strong> <strong>choroby i rozw\u00f3j powik\u0142a\u0144. Okres zaka\u017ano\u015bci u dzieci jest dwukrotnie d\u0142u\u017cszy ni\u017c u osoby doros\u0142ej. Ka\u017cdego roku w\u015br\u00f3d choruj\u0105cych na gryp\u0119 jest 45% dzieci w wieku od 0 do 14 lat.<\/strong> <strong>Najlepsz\u0105 form\u0105 ochrony jest szczepienie ochronne, kt\u00f3re zmniejsza ryzyko ci\u0119\u017ckiego przebiegu choroby, powik\u0142a\u0144 i zgonu.<\/strong><\/p>\n<p><em>Wi\u0119cej informacji na temat profilaktyki grypy i szczepie\u0144 w sezonie epidemicznym 2024\/2025:<\/em><\/p>\n<p><em><a href=\"https:\/\/eur05.safelinks.protection.outlook.com\/?url=https%3A%2F%2Fszczepienia.pzh.gov.pl%2Fszczepionki%2Fgrypa%2F%3Fstrona%3D9%23jak-prowadzone-sa-szczepienia-przeciw-grypie-w-sezonie-2024%2F2025&amp;data=05%7C02%7C%7C6b640824576148006f0908dce83bb530%7C7fb57ac212674d8bbd838a898116c90c%7C0%7C0%7C638640590452257097%7CUnknown%7CTWFpbGZsb3d8eyJWIjoiMC4wLjAwMDAiLCJQIjoiV2luMzIiLCJBTiI6Ik1haWwiLCJXVCI6Mn0%3D%7C0%7C%7C%7C&amp;sdata=Pqo9H1MSlrNPr4w0%2FmCSbtfG7Sic5qBRJBiwhRfLguE%3D&amp;reserved=0\">https:\/\/szczepienia.pzh.gov.pl\/szczepionki\/grypa\/?strona=9#jak-prowadzone-sa-szczepienia-przeciw-grypie-w-sezonie-2024\/2025<\/a><\/em><\/p>\n<p>&nbsp;<\/p>\n<p><a href=\"https:\/\/www.przedszkole435.waw.pl\/pelczynskiego\/wp-content\/uploads\/sites\/2\/Plakaty-dla-przedszkoli-uwaga-grypa-odpornosc.pdf\">Uwaga grypa odporno\u015b\u0107<\/a><\/p>\n<style type=\"text\/css\">\n#foogallery-gallery-29999 .fg-image { width: 270px; }\n#foogallery-gallery-29999 { --fg-gutter: 10px; }<\/style>\n\t\t\t<div class=\"foogallery foogallery-container foogallery-default foogallery-lightbox-foogallery fg-center fg-default fg-ready fg-light fg-border-thin fg-shadow-medium fg-loading-default fg-loaded-fade-in fg-preset fg-brad fg-preset-small fg-preset fg-brad fg-preset-small\" id=\"foogallery-gallery-29999\" data-foogallery=\"{&quot;panel&quot;:{&quot;buttons&quot;:{&quot;download&quot;:false}},&quot;item&quot;:{&quot;showCaptionTitle&quot;:true,&quot;showCaptionDescription&quot;:true},&quot;lazy&quot;:true}\" data-foogallery-lightbox=\"{&quot;thumbs&quot;:&quot;bottom&quot;,&quot;thumbsCaptions&quot;:false,&quot;thumbsBestFit&quot;:false,&quot;thumbsSmall&quot;:false,&quot;thumbsCaptionsAlign&quot;:&quot;default&quot;,&quot;info&quot;:&quot;bottom&quot;,&quot;infoVisible&quot;:true,&quot;infoOverlay&quot;:true,&quot;infoAlign&quot;:&quot;default&quot;,&quot;transition&quot;:&quot;fade&quot;,&quot;hoverButtons&quot;:false,&quot;fitMedia&quot;:false,&quot;noScrollbars&quot;:true,&quot;preserveButtonSpace&quot;:true,&quot;buttons&quot;:{&quot;fullscreen&quot;:true,&quot;info&quot;:true,&quot;thumbs&quot;:false,&quot;download&quot;:false},&quot;video&quot;:{&quot;autoPlay&quot;:true}}\" style=\"--fg-title-line-clamp: 1; --fg-description-line-clamp: 2;\" >\n\t<div class=\"fg-item fg-type-image fg-idle\"><figure class=\"fg-item-inner\"><a href=\"https:\/\/www.przedszkole435.waw.pl\/pelczynskiego\/wp-content\/uploads\/sites\/2\/Infografika-grypa-dzieci.png\" data-attachment-id=\"30000\" data-type=\"image\" class=\"fg-thumb\"><span class=\"fg-image-wrap\"><img fetchpriority=\"high\" decoding=\"async\" width=\"270\" height=\"230\" class=\"skip-lazy fg-image\" data-src-fg=\"https:\/\/www.przedszkole435.waw.pl\/pelczynskiego\/wp-content\/uploads\/sites\/2\/cache\/Infografika-grypa-dzieci\/1100008351.png\" src=\"data:image\/svg+xml,%3Csvg%20xmlns%3D%22http%3A%2F%2Fwww.w3.org%2F2000%2Fsvg%22%20width%3D%22270%22%20height%3D%22230%22%20viewBox%3D%220%200%20270%20230%22%3E%3C%2Fsvg%3E\" loading=\"eager\"><\/span><span class=\"fg-image-overlay\"><\/span><\/a><\/figure><div class=\"fg-loader\"><\/div><\/div><div class=\"fg-item fg-type-image fg-idle\"><figure class=\"fg-item-inner\"><a href=\"https:\/\/www.przedszkole435.waw.pl\/pelczynskiego\/wp-content\/uploads\/sites\/2\/Plakat-dla-przedszkoli-argumenty.png\" data-attachment-id=\"30001\" data-type=\"image\" class=\"fg-thumb\"><span class=\"fg-image-wrap\"><img decoding=\"async\" width=\"270\" height=\"230\" class=\"skip-lazy fg-image\" data-src-fg=\"https:\/\/www.przedszkole435.waw.pl\/pelczynskiego\/wp-content\/uploads\/sites\/2\/cache\/Plakat-dla-przedszkoli-argumenty\/2615290869.png\" src=\"data:image\/svg+xml,%3Csvg%20xmlns%3D%22http%3A%2F%2Fwww.w3.org%2F2000%2Fsvg%22%20width%3D%22270%22%20height%3D%22230%22%20viewBox%3D%220%200%20270%20230%22%3E%3C%2Fsvg%3E\" loading=\"eager\"><\/span><span class=\"fg-image-overlay\"><\/span><\/a><\/figure><div class=\"fg-loader\"><\/div><\/div><div class=\"fg-item fg-type-image fg-idle\"><figure class=\"fg-item-inner\"><a href=\"https:\/\/www.przedszkole435.waw.pl\/pelczynskiego\/wp-content\/uploads\/sites\/2\/QRCode-dla-Informacja-z-realizacji-akcji-profilaktyki-grypy-w-sezonie-2024_2025_.png\" data-attachment-id=\"30002\" data-type=\"image\" class=\"fg-thumb\"><span class=\"fg-image-wrap\"><img decoding=\"async\" width=\"270\" height=\"230\" class=\"skip-lazy fg-image\" data-src-fg=\"https:\/\/www.przedszkole435.waw.pl\/pelczynskiego\/wp-content\/uploads\/sites\/2\/cache\/QRCode-dla-Informacja-z-realizacji-akcji-profilaktyki-grypy-w-sezonie-2024_2025_\/936133288.png\" src=\"data:image\/svg+xml,%3Csvg%20xmlns%3D%22http%3A%2F%2Fwww.w3.org%2F2000%2Fsvg%22%20width%3D%22270%22%20height%3D%22230%22%20viewBox%3D%220%200%20270%20230%22%3E%3C%2Fsvg%3E\" loading=\"eager\"><\/span><span class=\"fg-image-overlay\"><\/span><\/a><\/figure><div class=\"fg-loader\"><\/div><\/div><\/div>\n\n","protected":false},"excerpt":{"rendered":"<p>Aktualne zasady refundacji szczepie\u0144 przeciw grypie w sezonie 2024\/2025: Szczepienia bezp\u0142atne: Dzieci od 6 m.\u017c. do 18 r.\u017c Kobiety w ci\u0105\u017cy Osoby 65+ Wszyscy pozostali mog\u0105 skorzysta\u0107 z 50% refundacji. Wed\u0142ug WHO rocznie na \u015bwiecie na gryp\u0119 choruje nawet do 30% dzieci. Odgrywaj\u0105 one znacz\u0105c\u0105 rol\u0119 w transmisji wirusa grypy, ponadto s\u0105 szczeg\u00f3lnie nara\u017cane na [&hellip;]<\/p>\n","protected":false},"author":2,"featured_media":0,"comment_status":"open","ping_status":"open","sticky":false,"template":"","format":"standard","meta":{"footnotes":"","_links_to":"","_links_to_target":""},"categories":[2],"tags":[],"class_list":["post-29996","post","type-post","status-publish","format-standard","hentry","category-aktualnosci"],"_links":{"self":[{"href":"https:\/\/www.przedszkole435.waw.pl\/pelczynskiego\/wp-json\/wp\/v2\/posts\/29996","targetHints":{"allow":["GET"]}}],"collection":[{"href":"https:\/\/www.przedszkole435.waw.pl\/pelczynskiego\/wp-json\/wp\/v2\/posts"}],"about":[{"href":"https:\/\/www.przedszkole435.waw.pl\/pelczynskiego\/wp-json\/wp\/v2\/types\/post"}],"author":[{"embeddable":true,"href":"https:\/\/www.przedszkole435.waw.pl\/pelczynskiego\/wp-json\/wp\/v2\/users\/2"}],"replies":[{"embeddable":true,"href":"https:\/\/www.przedszkole435.waw.pl\/pelczynskiego\/wp-json\/wp\/v2\/comments?post=29996"}],"version-history":[{"count":5,"href":"https:\/\/www.przedszkole435.waw.pl\/pelczynskiego\/wp-json\/wp\/v2\/posts\/29996\/revisions"}],"predecessor-version":[{"id":30007,"href":"https:\/\/www.przedszkole435.waw.pl\/pelczynskiego\/wp-json\/wp\/v2\/posts\/29996\/revisions\/30007"}],"wp:attachment":[{"href":"https:\/\/www.przedszkole435.waw.pl\/pelczynskiego\/wp-json\/wp\/v2\/media?parent=29996"}],"wp:term":[{"taxonomy":"category","embeddable":true,"href":"https:\/\/www.przedszkole435.waw.pl\/pelczynskiego\/wp-json\/wp\/v2\/categories?post=29996"},{"taxonomy":"post_tag","embeddable":true,"href":"https:\/\/www.przedszkole435.waw.pl\/pelczynskiego\/wp-json\/wp\/v2\/tags?post=29996"}],"curies":[{"name":"wp","href":"https:\/\/api.w.org\/{rel}","templated":true}]}}