{"id":30416,"date":"2024-11-08T10:09:07","date_gmt":"2024-11-08T09:09:07","guid":{"rendered":"https:\/\/www.przedszkole435.waw.pl\/pelczynskiego\/?p=30416"},"modified":"2024-11-08T10:21:28","modified_gmt":"2024-11-08T09:21:28","slug":"przedszkole-nr-435-bierze-udzial-w-ogolnopolskiej-kampanii-dziecinstwo-bez-przemocy","status":"publish","type":"post","link":"https:\/\/www.przedszkole435.waw.pl\/pelczynskiego\/przedszkole-nr-435-bierze-udzial-w-ogolnopolskiej-kampanii-dziecinstwo-bez-przemocy\/","title":{"rendered":"OG\u00d3LNOPOLSKA KAMPANIA DZIECI\u0143STWO BEZ PRZEMOCY"},"content":{"rendered":"<h1>Nasze Przedszkole w\u0142\u0105czy\u0142o si\u0119 w<strong> Kampani\u0119 Dzieci\u0144stwo bez Przemocy<\/strong>, realizowan\u0105 przez Fundacj\u0119 Dajemy Dzieciom Si\u0142\u0119 oraz Krajow\u0105 Koalicj\u0119<br \/>\nna rzecz Ochrony Dzieci, kt\u00f3ra ma na celu przeciwdzia\u0142anie przemocy wobec dzieci w Polsce. G\u0142\u00f3wnym partnerem kampanii jest Rzeczniczka Praw Dziecka<br \/>\n\u2013 Monika Horna-Cie\u015blak.<\/h1>\n<h1>Fina\u0142 akcji przewidziany jest na Mi\u0119dzynarodowy Dzie\u0144 Przeciwdzia\u0142ania Przemocy wobec Dzieci \u2013<strong> 19 listopada 2024 r. <\/strong><\/h1>\n<h1>Zgodnie z za\u0142o\u017ceniami akcji, w tym dniu nasze Przedszkole jak i obiekty w ca\u0142ej Polsce pod\u015bwietlane b\u0119d\u0105 na czerwono, jako wyraz symbolicznego sprzeciwu wobec krzywdzenia dzieci. Iluminacja rozpoczyna si\u0119 o godzinie 17.00<\/h1>\n<h1>Poni\u017cej przedstawiamy linki do Pa\u0144stwa wiadomo\u015bci o kampanii i darmowe werbinary:<\/h1>\n<h2><a href=\"https:\/\/dziecinstwobezprzemocy.pl\/o-kampanii\/\" data-saferedirecturl=\"https:\/\/zasobygwp.pl\/redirect?sig=50b0e5ddf27b72faba644e7db423cf8794a86dd72008b970b89bf70f9b1d3dae&amp;url=aHR0cHM6Ly9kemllY2luc3R3b2JlenByemVtb2N5LnBsL28ta2FtcGFuaWkv&amp;platform=desktop&amp;brand=o2\">https:\/\/dziecinstwobezprzemocy.pl\/o-kampanii\/<\/a><\/h2>\n<h2><a href=\"https:\/\/dziecinstwobezprzemocy.pl\/lekcje-i-webinary\/\" data-saferedirecturl=\"https:\/\/zasobygwp.pl\/redirect?sig=0888e5b402c235396c4c378dd5612279de1937793126e670d2a2a9e42df90765&amp;url=aHR0cHM6Ly9kemllY2luc3R3b2JlenByemVtb2N5LnBsL2xla2NqZS1pLXdlYmluYXJ5Lw==&amp;platform=desktop&amp;brand=o2\">https:\/\/dziecinstwobezprzemocy.pl\/lekcje-i-webinary\/<\/a><\/h2>\n<p>&nbsp;<\/p>\n","protected":false},"excerpt":{"rendered":"<p>Nasze Przedszkole w\u0142\u0105czy\u0142o si\u0119 w Kampani\u0119 Dzieci\u0144stwo bez Przemocy, realizowan\u0105 przez Fundacj\u0119 Dajemy Dzieciom Si\u0142\u0119 oraz Krajow\u0105 Koalicj\u0119 na rzecz Ochrony Dzieci, kt\u00f3ra ma na celu przeciwdzia\u0142anie przemocy wobec dzieci w Polsce. G\u0142\u00f3wnym partnerem kampanii jest Rzeczniczka Praw Dziecka \u2013 Monika Horna-Cie\u015blak. Fina\u0142 akcji przewidziany jest na Mi\u0119dzynarodowy Dzie\u0144 Przeciwdzia\u0142ania Przemocy wobec Dzieci \u2013 19 [&hellip;]<\/p>\n","protected":false},"author":2,"featured_media":30417,"comment_status":"open","ping_status":"open","sticky":false,"template":"","format":"standard","meta":{"footnotes":"","_links_to":"","_links_to_target":""},"categories":[2],"tags":[],"class_list":["post-30416","post","type-post","status-publish","format-standard","has-post-thumbnail","hentry","category-aktualnosci"],"_links":{"self":[{"href":"https:\/\/www.przedszkole435.waw.pl\/pelczynskiego\/wp-json\/wp\/v2\/posts\/30416","targetHints":{"allow":["GET"]}}],"collection":[{"href":"https:\/\/www.przedszkole435.waw.pl\/pelczynskiego\/wp-json\/wp\/v2\/posts"}],"about":[{"href":"https:\/\/www.przedszkole435.waw.pl\/pelczynskiego\/wp-json\/wp\/v2\/types\/post"}],"author":[{"embeddable":true,"href":"https:\/\/www.przedszkole435.waw.pl\/pelczynskiego\/wp-json\/wp\/v2\/users\/2"}],"replies":[{"embeddable":true,"href":"https:\/\/www.przedszkole435.waw.pl\/pelczynskiego\/wp-json\/wp\/v2\/comments?post=30416"}],"version-history":[{"count":15,"href":"https:\/\/www.przedszkole435.waw.pl\/pelczynskiego\/wp-json\/wp\/v2\/posts\/30416\/revisions"}],"predecessor-version":[{"id":30432,"href":"https:\/\/www.przedszkole435.waw.pl\/pelczynskiego\/wp-json\/wp\/v2\/posts\/30416\/revisions\/30432"}],"wp:featuredmedia":[{"embeddable":true,"href":"https:\/\/www.przedszkole435.waw.pl\/pelczynskiego\/wp-json\/wp\/v2\/media\/30417"}],"wp:attachment":[{"href":"https:\/\/www.przedszkole435.waw.pl\/pelczynskiego\/wp-json\/wp\/v2\/media?parent=30416"}],"wp:term":[{"taxonomy":"category","embeddable":true,"href":"https:\/\/www.przedszkole435.waw.pl\/pelczynskiego\/wp-json\/wp\/v2\/categories?post=30416"},{"taxonomy":"post_tag","embeddable":true,"href":"https:\/\/www.przedszkole435.waw.pl\/pelczynskiego\/wp-json\/wp\/v2\/tags?post=30416"}],"curies":[{"name":"wp","href":"https:\/\/api.w.org\/{rel}","templated":true}]}}