{"id":30761,"date":"2024-12-12T20:32:13","date_gmt":"2024-12-12T19:32:13","guid":{"rendered":"https:\/\/www.przedszkole435.waw.pl\/pelczynskiego\/?p=30761"},"modified":"2024-12-17T18:24:45","modified_gmt":"2024-12-17T17:24:45","slug":"30761-2","status":"publish","type":"post","link":"https:\/\/www.przedszkole435.waw.pl\/pelczynskiego\/30761-2\/","title":{"rendered":"Szlachetna Paczka"},"content":{"rendered":"<h2>Drodzy Rodzice,<\/h2>\n<h2>Serdecznie dzi\u0119kujemy za Wasze zaanga\u017cowanie w akcj\u0119 Szlachetna Paczka<br \/>\noraz wsparcie rodziny Pani Moniki. Wasza hojno\u015b\u0107 i otwarto\u015b\u0107 serc pozwoli\u0142y<br \/>\nna wniesienie do ich codzienno\u015bci tak potrzebnej nadziei, spokoju i rado\u015bci.<\/h2>\n<h2>To dzi\u0119ki Wam rodzina mog\u0142a poczu\u0107, \u017ce nie s\u0105 sami i \u017ce wok\u00f3\u0142 nich s\u0105 ludzie, kt\u00f3rzy chc\u0105 pomaga\u0107 i dzieli\u0107 si\u0119 dobrem. Takie gesty s\u0105 bezcennym wyrazem empatii i wsp\u00f3lnoty, kt\u00f3re buduj\u0105 pi\u0119kniejszy \u015bwiat. Razem mo\u017cemy pokona\u0107 ka\u017cd\u0105 przeszkod\u0119 i zmienia\u0107 \u015bwiat na lepsze \u2013 krok po kroku, pomagaj\u0105c tym, kt\u00f3rzy najbardziej tego potrzebuj\u0105.<\/h2>\n<h2>Jeszcze raz dzi\u0119kujemy za ka\u017cd\u0105 form\u0119 wsparcia \u2013 razem uda\u0142o nam si\u0119 zrobi\u0107 co\u015b wyj\u0105tkowego!<\/h2>\n<h2 style=\"text-align: right;\">Z wyrazami wdzi\u0119czno\u015bci,<br \/>\nDyrekcja i Pracownicy Przedszkola nr 435<\/h2>\n","protected":false},"excerpt":{"rendered":"<p>Drodzy Rodzice, Serdecznie dzi\u0119kujemy za Wasze zaanga\u017cowanie w akcj\u0119 Szlachetna Paczka oraz wsparcie rodziny Pani Moniki. Wasza hojno\u015b\u0107 i otwarto\u015b\u0107 serc pozwoli\u0142y na wniesienie do ich codzienno\u015bci tak potrzebnej nadziei, spokoju i rado\u015bci. To dzi\u0119ki Wam rodzina mog\u0142a poczu\u0107, \u017ce nie s\u0105 sami i \u017ce wok\u00f3\u0142 nich s\u0105 ludzie, kt\u00f3rzy chc\u0105 pomaga\u0107 i dzieli\u0107 si\u0119 [&hellip;]<\/p>\n","protected":false},"author":2,"featured_media":30763,"comment_status":"open","ping_status":"open","sticky":false,"template":"","format":"standard","meta":{"footnotes":"","_links_to":"","_links_to_target":""},"categories":[2],"tags":[],"class_list":["post-30761","post","type-post","status-publish","format-standard","has-post-thumbnail","hentry","category-aktualnosci"],"_links":{"self":[{"href":"https:\/\/www.przedszkole435.waw.pl\/pelczynskiego\/wp-json\/wp\/v2\/posts\/30761","targetHints":{"allow":["GET"]}}],"collection":[{"href":"https:\/\/www.przedszkole435.waw.pl\/pelczynskiego\/wp-json\/wp\/v2\/posts"}],"about":[{"href":"https:\/\/www.przedszkole435.waw.pl\/pelczynskiego\/wp-json\/wp\/v2\/types\/post"}],"author":[{"embeddable":true,"href":"https:\/\/www.przedszkole435.waw.pl\/pelczynskiego\/wp-json\/wp\/v2\/users\/2"}],"replies":[{"embeddable":true,"href":"https:\/\/www.przedszkole435.waw.pl\/pelczynskiego\/wp-json\/wp\/v2\/comments?post=30761"}],"version-history":[{"count":6,"href":"https:\/\/www.przedszkole435.waw.pl\/pelczynskiego\/wp-json\/wp\/v2\/posts\/30761\/revisions"}],"predecessor-version":[{"id":30779,"href":"https:\/\/www.przedszkole435.waw.pl\/pelczynskiego\/wp-json\/wp\/v2\/posts\/30761\/revisions\/30779"}],"wp:featuredmedia":[{"embeddable":true,"href":"https:\/\/www.przedszkole435.waw.pl\/pelczynskiego\/wp-json\/wp\/v2\/media\/30763"}],"wp:attachment":[{"href":"https:\/\/www.przedszkole435.waw.pl\/pelczynskiego\/wp-json\/wp\/v2\/media?parent=30761"}],"wp:term":[{"taxonomy":"category","embeddable":true,"href":"https:\/\/www.przedszkole435.waw.pl\/pelczynskiego\/wp-json\/wp\/v2\/categories?post=30761"},{"taxonomy":"post_tag","embeddable":true,"href":"https:\/\/www.przedszkole435.waw.pl\/pelczynskiego\/wp-json\/wp\/v2\/tags?post=30761"}],"curies":[{"name":"wp","href":"https:\/\/api.w.org\/{rel}","templated":true}]}}