{"id":32040,"date":"2025-05-29T20:36:06","date_gmt":"2025-05-29T18:36:06","guid":{"rendered":"https:\/\/www.przedszkole435.waw.pl\/pelczynskiego\/?p=32040"},"modified":"2025-05-29T20:36:30","modified_gmt":"2025-05-29T18:36:30","slug":"zebranie-organizacyjne-w-przedszkolu-nr-435","status":"publish","type":"post","link":"https:\/\/www.przedszkole435.waw.pl\/pelczynskiego\/zebranie-organizacyjne-w-przedszkolu-nr-435\/","title":{"rendered":"Zebranie organizacyjne w Przedszkolu Nr 435"},"content":{"rendered":"<h4 data-start=\"92\" data-end=\"113\"><strong data-start=\"92\" data-end=\"113\">Szanowni Pa\u0144stwo,<\/strong><\/h4>\n<h4 data-start=\"115\" data-end=\"357\">serdecznie zapraszamy rodzic\u00f3w dzieci nowo przyj\u0119tych, kt\u00f3re rozpoczn\u0105 edukacj\u0119 przedszkoln\u0105 w roku szkolnym 2025\/2026, na zebranie organizacyjne, kt\u00f3re odb\u0119dzie si\u0119<br \/>\n<strong data-start=\"281\" data-end=\"309\">25 czerwca o godz. 16:30<\/strong> w Przedszkolu nr 435 przy ul. Pe\u0142czy\u0144skiego 24.<\/h4>\n<h4 data-start=\"359\" data-end=\"448\"><strong data-start=\"359\" data-end=\"378\">Dni adaptacyjne<\/strong> dla dzieci trzyletnich odb\u0119d\u0105 si\u0119 <strong data-start=\"413\" data-end=\"447\">27 i 28 sierpnia o godz. 16:00<\/strong>.<\/h4>\n<h4 class=\"gwp96a51bd9_MsoNormal\">Z powa\u017caniem,<br \/>\nMa\u0142gorzata Jab\u0142o\u0144ska \u2013 Dyrektor Przedszkola Nr 435.<\/h4>\n","protected":false},"excerpt":{"rendered":"<p>Szanowni Pa\u0144stwo, serdecznie zapraszamy rodzic\u00f3w dzieci nowo przyj\u0119tych, kt\u00f3re rozpoczn\u0105 edukacj\u0119 przedszkoln\u0105 w roku szkolnym 2025\/2026, na zebranie organizacyjne, kt\u00f3re odb\u0119dzie si\u0119 25 czerwca o godz. 16:30 w Przedszkolu nr 435 przy ul. Pe\u0142czy\u0144skiego 24. Dni adaptacyjne dla dzieci trzyletnich odb\u0119d\u0105 si\u0119 27 i 28 sierpnia o godz. 16:00. Z powa\u017caniem, Ma\u0142gorzata Jab\u0142o\u0144ska \u2013 Dyrektor [&hellip;]<\/p>\n","protected":false},"author":2,"featured_media":32041,"comment_status":"open","ping_status":"open","sticky":false,"template":"","format":"standard","meta":{"footnotes":"","_links_to":"","_links_to_target":""},"categories":[2],"tags":[],"class_list":["post-32040","post","type-post","status-publish","format-standard","has-post-thumbnail","hentry","category-aktualnosci"],"_links":{"self":[{"href":"https:\/\/www.przedszkole435.waw.pl\/pelczynskiego\/wp-json\/wp\/v2\/posts\/32040","targetHints":{"allow":["GET"]}}],"collection":[{"href":"https:\/\/www.przedszkole435.waw.pl\/pelczynskiego\/wp-json\/wp\/v2\/posts"}],"about":[{"href":"https:\/\/www.przedszkole435.waw.pl\/pelczynskiego\/wp-json\/wp\/v2\/types\/post"}],"author":[{"embeddable":true,"href":"https:\/\/www.przedszkole435.waw.pl\/pelczynskiego\/wp-json\/wp\/v2\/users\/2"}],"replies":[{"embeddable":true,"href":"https:\/\/www.przedszkole435.waw.pl\/pelczynskiego\/wp-json\/wp\/v2\/comments?post=32040"}],"version-history":[{"count":3,"href":"https:\/\/www.przedszkole435.waw.pl\/pelczynskiego\/wp-json\/wp\/v2\/posts\/32040\/revisions"}],"predecessor-version":[{"id":32044,"href":"https:\/\/www.przedszkole435.waw.pl\/pelczynskiego\/wp-json\/wp\/v2\/posts\/32040\/revisions\/32044"}],"wp:featuredmedia":[{"embeddable":true,"href":"https:\/\/www.przedszkole435.waw.pl\/pelczynskiego\/wp-json\/wp\/v2\/media\/32041"}],"wp:attachment":[{"href":"https:\/\/www.przedszkole435.waw.pl\/pelczynskiego\/wp-json\/wp\/v2\/media?parent=32040"}],"wp:term":[{"taxonomy":"category","embeddable":true,"href":"https:\/\/www.przedszkole435.waw.pl\/pelczynskiego\/wp-json\/wp\/v2\/categories?post=32040"},{"taxonomy":"post_tag","embeddable":true,"href":"https:\/\/www.przedszkole435.waw.pl\/pelczynskiego\/wp-json\/wp\/v2\/tags?post=32040"}],"curies":[{"name":"wp","href":"https:\/\/api.w.org\/{rel}","templated":true}]}}